{"id":946,"date":"2009-05-18T22:05:41","date_gmt":"2009-05-18T21:05:41","guid":{"rendered":"http:\/\/visualberlin.org\/?p=946"},"modified":"2009-05-18T22:05:41","modified_gmt":"2009-05-18T21:05:41","slug":"augenschein-hd","status":"publish","type":"post","link":"http:\/\/visualberlin.org\/?p=946","title":{"rendered":"augenschein HD"},"content":{"rendered":"<p>&#8230;das steht nicht nur f\u00fcr High Definition, sondern ist auch die Abk\u00fcrzung f\u00fcr Heidelberg. Dort findet seit dem 14. Mai bis zum 24. Mai die Videokunst- und Visualistenwerkschau &#8222;augenschein&#8220; statt. Dort wird Medienkunst zusammen mit klassischen Videoinstallationen und einem Live-Programm mit Performances, Tanz und Theater dargeboten. Der Schwerpunkt liegt dabei auf einer schaffenden visuellen Komponente, f\u00fcr die sich verschiedene K\u00fcnstler auf unterschiedlichen Medien pr\u00e4sentieren.<\/p>\n<p>\u2026und f\u00fcr die, die das oben zu trocken finden gibt\u2019s ganz viel Platz f\u00fcr VJing, Workshops, Mapping, Performances, Lagerfeuer und viel Party.<\/p>\n<p>augenschein ist nach der letztj\u00e4hrigen <a id=\"a_intext\" href=\"http:\/\/jetztkultur.de\/bseite\/bseite\" target=\"blank\">B-Seite<\/a> in Mannheim das n\u00e4chste Video Fest im Rhein-Neckar-Raum und findet im freien Kulturhaus <a id=\"a_intext\" href=\"http:\/\/www.villanachttanz.de\/\" target=\"_blank\">Villa-Nachttanz<\/a> statt.<\/p>\n<p>Bram und Flux werden zur Finissage-Party am 23.5. dort aufschlagen, um ihr neues AV Set zu pr\u00e4sentieren &#8211; wenn alles zeitlich hinhaut eventuell sogar eine interaktive Mapping-Installation&#8230;doch bis dahin muss noch geprobt und gel\u00f6tet werden&#8230;<!--more--><\/p>\n<p>Ein paar augenschein Impressionen der letzten Tage gibt es schon zu sehen:<\/p>\n<p>\n      <div class=\"video-wrapper\">\n        <div class=\"video-container\">\n          <iframe src=\"\/\/www.youtube.com\/embed\/ZrVuY2PjbKE?rel=0\" frameborder=\"0\" allowfullscreen><\/iframe>\n        <\/div>\n      <\/div>\n    phonegemeinschaft<\/p>\n<p>\n      <div class=\"video-wrapper\">\n        <div class=\"video-container\">\n          <iframe src=\"\/\/www.youtube.com\/embed\/73tEoZ1w3GE?rel=0\" frameborder=\"0\" allowfullscreen><\/iframe>\n        <\/div>\n      <\/div>\n    installationen im garten der villa nachttanz<\/p>\n<p><a title=\"augenschein\" href=\"http:\/\/augenschein.timvis.de\/\" target=\"_blank\">http:\/\/augenschein.timvis.de\/<\/a><\/p>\n","protected":false},"excerpt":{"rendered":"<p>&#8230;das steht nicht nur f\u00fcr High Definition, sondern ist auch die Abk\u00fcrzung f\u00fcr Heidelberg. Dort findet seit dem 14. Mai bis zum 24. Mai die Videokunst- und Visualistenwerkschau &#8222;augenschein&#8220; statt. Dort wird Medienkunst zusammen mit klassischen Videoinstallationen und einem Live-Programm&#8230;<\/p>\n","protected":false},"author":2,"featured_media":0,"comment_status":"open","ping_status":"open","sticky":false,"template":"","format":"standard","meta":{"footnotes":""},"categories":[2],"tags":[56,66,241,630],"class_list":["post-946","post","type-post","status-publish","format-standard","hentry","category-news","tag-augenschein","tag-b-seite","tag-heidelberg","tag-villa-nachttanz"],"_links":{"self":[{"href":"http:\/\/visualberlin.org\/index.php?rest_route=\/wp\/v2\/posts\/946","targetHints":{"allow":["GET"]}}],"collection":[{"href":"http:\/\/visualberlin.org\/index.php?rest_route=\/wp\/v2\/posts"}],"about":[{"href":"http:\/\/visualberlin.org\/index.php?rest_route=\/wp\/v2\/types\/post"}],"author":[{"embeddable":true,"href":"http:\/\/visualberlin.org\/index.php?rest_route=\/wp\/v2\/users\/2"}],"replies":[{"embeddable":true,"href":"http:\/\/visualberlin.org\/index.php?rest_route=%2Fwp%2Fv2%2Fcomments&post=946"}],"version-history":[{"count":0,"href":"http:\/\/visualberlin.org\/index.php?rest_route=\/wp\/v2\/posts\/946\/revisions"}],"wp:attachment":[{"href":"http:\/\/visualberlin.org\/index.php?rest_route=%2Fwp%2Fv2%2Fmedia&parent=946"}],"wp:term":[{"taxonomy":"category","embeddable":true,"href":"http:\/\/visualberlin.org\/index.php?rest_route=%2Fwp%2Fv2%2Fcategories&post=946"},{"taxonomy":"post_tag","embeddable":true,"href":"http:\/\/visualberlin.org\/index.php?rest_route=%2Fwp%2Fv2%2Ftags&post=946"}],"curies":[{"name":"wp","href":"https:\/\/api.w.org\/{rel}","templated":true}]}}