{"id":2065,"date":"2010-04-22T09:55:37","date_gmt":"2010-04-22T08:55:37","guid":{"rendered":"http:\/\/visualberlin.org\/de\/?p=2065"},"modified":"2010-04-22T09:55:37","modified_gmt":"2010-04-22T08:55:37","slug":"la-gaite-lyrique-new-center-in-paris-dedicated-to-digital-art-and-new-music","status":"publish","type":"post","link":"http:\/\/visualberlin.org\/?p=2065","title":{"rendered":"La Gait\u00e9 lyrique: new center in Paris dedicated to digital art and new music"},"content":{"rendered":"<p>The Ga\u00eet\u00e9 Lyrique is the new venue in Paris\u00a0dedicated to digital arts and new musics. It will open in december 2010!<\/p>\n<p>Ga\u00eet\u00e9 Lyrique \u2013 3 bis rue Papin \u2013 75003 Paris \u2013 Etablissement culturel de la Ville de Paris<\/p>\n<p><img loading=\"lazy\" decoding=\"async\" class=\"size-full wp-image-2069 alignleft\" src=\"http:\/\/visualberlin.org\/wp-content\/uploads\/2010\/04\/l460xh432_jpg_gaite-e6346.jpg\" alt=\"l460xh432_jpg_gaite-e6346\" width=\"460\" height=\"432\" \/><\/p>\n<p><img loading=\"lazy\" decoding=\"async\" class=\"size-full wp-image-2070 alignleft\" src=\"http:\/\/visualberlin.org\/wp-content\/uploads\/2010\/04\/l455xh435_jpg_gaite2-7676a.jpg\" alt=\"l455xh435_jpg_gaite2-7676a\" width=\"455\" height=\"435\" \/><\/p>\n<p>Check their amazing website.<\/p>\n<p>Created &amp; directed by :\u00a0<strong>Yves Geleyn<\/strong><\/p>\n<p>&#8222;Spring just started, so I have to bring you a good news also \ud83d\ude09 After one year of hard work, here is the project I directed for La Ga\u00eet\u00e9 Lyrique, the new venue in Paris dedicated to digital arts and new musics, that will open in December 2010. I don\u2019t gona speak a lot and just let you enjoy it. Infos will come soon.&#8220;<\/p>\n<p><a href=\"http:\/\/www.gaite-lyrique.net\/experience\/\">http:\/\/www.gaite-lyrique.net\/experience\/<\/a><\/p>\n<p><img loading=\"lazy\" decoding=\"async\" class=\"size-full wp-image-2067 alignleft\" src=\"http:\/\/visualberlin.org\/wp-content\/uploads\/2010\/04\/gaite31.jpg\" alt=\"gaite31\" width=\"450\" height=\"253\" \/><\/p>\n<p><img loading=\"lazy\" decoding=\"async\" class=\"size-full wp-image-2068 alignleft\" src=\"http:\/\/visualberlin.org\/wp-content\/uploads\/2010\/04\/gaite4.jpg\" alt=\"gaite4\" width=\"450\" height=\"253\" \/><\/p>\n<p>infos taken from the blog:<\/p>\n<p><a href=\"http:\/\/monkeybox.wordpress.com\/2010\/03\/22\/la-gaite-lyrique\/\" target=\"_blank\">http:\/\/monkeybox.wordpress.com\/2010\/03\/22\/la-gaite-lyrique\/<\/a><\/p>\n","protected":false},"excerpt":{"rendered":"<p>The Ga\u00eet\u00e9 Lyrique is the new venue in Paris\u00a0dedicated to digital arts and new musics. It will open in december 2010! Ga\u00eet\u00e9 Lyrique \u2013 3 bis rue Papin \u2013 75003 Paris \u2013 Etablissement culturel de la Ville de Paris Check&#8230;<\/p>\n","protected":false},"author":18,"featured_media":0,"comment_status":"open","ping_status":"open","sticky":false,"template":"","format":"standard","meta":{"footnotes":""},"categories":[2],"tags":[],"class_list":["post-2065","post","type-post","status-publish","format-standard","hentry","category-news"],"_links":{"self":[{"href":"http:\/\/visualberlin.org\/index.php?rest_route=\/wp\/v2\/posts\/2065","targetHints":{"allow":["GET"]}}],"collection":[{"href":"http:\/\/visualberlin.org\/index.php?rest_route=\/wp\/v2\/posts"}],"about":[{"href":"http:\/\/visualberlin.org\/index.php?rest_route=\/wp\/v2\/types\/post"}],"author":[{"embeddable":true,"href":"http:\/\/visualberlin.org\/index.php?rest_route=\/wp\/v2\/users\/18"}],"replies":[{"embeddable":true,"href":"http:\/\/visualberlin.org\/index.php?rest_route=%2Fwp%2Fv2%2Fcomments&post=2065"}],"version-history":[{"count":0,"href":"http:\/\/visualberlin.org\/index.php?rest_route=\/wp\/v2\/posts\/2065\/revisions"}],"wp:attachment":[{"href":"http:\/\/visualberlin.org\/index.php?rest_route=%2Fwp%2Fv2%2Fmedia&parent=2065"}],"wp:term":[{"taxonomy":"category","embeddable":true,"href":"http:\/\/visualberlin.org\/index.php?rest_route=%2Fwp%2Fv2%2Fcategories&post=2065"},{"taxonomy":"post_tag","embeddable":true,"href":"http:\/\/visualberlin.org\/index.php?rest_route=%2Fwp%2Fv2%2Ftags&post=2065"}],"curies":[{"name":"wp","href":"https:\/\/api.w.org\/{rel}","templated":true}]}}